{"id":566,"date":"2012-09-18T17:02:26","date_gmt":"2012-09-18T17:02:26","guid":{"rendered":"http:\/\/textopol2.u-pec.fr\/?p=566"},"modified":"2018-09-17T19:28:35","modified_gmt":"2018-09-17T17:28:35","slug":"stages-de-formation","status":"publish","type":"post","link":"http:\/\/textopol.u-pec.fr\/index.php\/2012\/09\/18\/stages-de-formation\/","title":{"rendered":"Stages de formation"},"content":{"rendered":"<h1>Stages de formation<\/h1>\n<p dir=\"ltr\">2012-2013 : UPEC &#8211; M1 LEA m\u00e9thodologie du management. D\u00e9pouillement d&rsquo;enqu\u00eates et de questionnaires au moyen du logiciel Alceste.<\/p>\n<p dir=\"ltr\">Juillet 2012: Colloque de Cerisy Textes, documents, oeuvres (autour de Fran\u00e7ois Rastier) &#8211; Pr\u00e9sentation de Lexico 3 et TextObserver autour de \u00ab\u00a0Constantes et variations du rituel politique : l\u2019exemple des voeux pr\u00e9sidentiels\u00a0\u00bb.<\/p>\n<p>Juin 2012 : Workshop d\u00e9monstration TextObserver dans le cadre des JADT 2012.<\/p>\n<p dir=\"ltr\">2011-2012 : UPEC &#8211; M1 LEA m\u00e9thodologie du management. D\u00e9pouillement d&rsquo;enqu\u00eates et de questionnaires au moyen du logiciel Alceste.<\/p>\n<p dir=\"ltr\">D\u00e9cembre 2011 : S\u00e9minaire ADAL Traitement de diff\u00e9rents corpus : Probl\u00e9matiques et enjeux du traitement du corpus selon diff\u00e9rentes disciplines. Titre de l&rsquo;intervention: Explorations avanc\u00e9es de corpus textuels et multimodaux, le corpus et ses variations.Pr\u00e9sentation de TextObserver et de la maquette WebObserver.<\/p>\n<p dir=\"ltr\">2011 : Participation \u00e0 l\u2019\u00e9cole Th\u00e9matique MISAT (CNRS, universit\u00e9 de Franche Comt\u00e9, universit\u00e9 de Nice).<\/p>\n<p dir=\"ltr\">2010-2011 : UPEC &#8211; M1 LEA m\u00e9thodologie du management. D\u00e9pouillement d&rsquo;enqu\u00eates et de questionnaires au moyen du logiciel Alceste.<\/p>\n<p dir=\"ltr\">2008 : Participation \u00e0 l\u2019\u00e9cole Th\u00e9matique MISAT (CNRS, universit\u00e9 de Franche Comt\u00e9, universit\u00e9 de Nice)<\/p>\n<p dir=\"ltr\">Pierre Fiala, Fabienne Pierre JM Leblanc : Ateliers d&rsquo;analyses statistiques des donn\u00e9es textuelles, 27 f\u00e9vrier et 11 avril 2008, Institut de Recherche en Gestion, Universit\u00e9 de Paris 12 Val de Marne, sur la th\u00e9matique de la responsabilit\u00e9 sociale des entreprises.<br \/>\n&gt;&gt; <a href=\"http:\/\/textopol.org\/phpBB2\/viewforum.php?f=1&amp;sid=9cdea0ed41e99af566d1e9c6cf63ec08\">Documents<\/a><\/p>\n<p dir=\"ltr\"><em>Pierre Fiala, JM Leblanc<\/em> : S\u00e9minaire d&rsquo;initiation \u00e0 la lexicom\u00e9trie, 1er juillet 2005, dans le cadre du colloque sur \u00ab\u00a0L&rsquo;analyse du discours en France et en Allemagne : Tendances actuelles en sciences du langage et sciences sociales\u00a0\u00bb, Universit\u00e9 de Paris12 Val-de-Marne, 30 juin-2 juillet 2005.<br \/>\n&gt;&gt; <a href=\"http:\/\/textopol.org\/Stages\/AtelierJuillet2005.htm\" target=\"_blank\">Documents<\/a><\/p>\n<p dir=\"ltr\"><em>Pierre Fiala, JM Leblanc<\/em> : Pr\u00e9sentation d&rsquo;OLFACT, Seneffe, DESE (Doctorat d&rsquo;Etudes Sup\u00e9rieures Europ\u00e9ennes), 9 avril 2004.<\/p>\n<p dir=\"ltr\">2003 : FIALA P., LEBLANC J.-M. : OLFACT. Outils lexicom\u00e9triques pour la formation \u00e0 l&rsquo;analyse des corpus textuels CD-ROM\u00a0\u00a0 remis au D.E.S.E. Convention avec le Dipl\u00f4me d&rsquo;\u00c9tudes Sup\u00e9rieures Europ\u00e9ennes, Bruxelles-Seneffe, Paris 12-Cr\u00e9teil,\u00a0\u00a0 Bologne- Cesenatico 2004.<\/p>\n<p dir=\"ltr\"><em>Pierre Fiala<\/em> : Intervention \u00e0 Cesenatico, SIAT, Universit\u00e9 de Bologne, 2-4 octobre 2003.<\/p>\n<p dir=\"ltr\"><span style=\"color: #333333;\"><em><span style=\"font-family: Arial,Helvetica,sans-serif;\">Pierre Fiala, JM Leblanc<\/span><\/em><span style=\"font-family: Arial,Helvetica,sans-serif;\"> : Stage de lexicom\u00e9trie, 15-17 septembre 2003 Bruxelles. ULB\/GRAID (Groupe de recherche sur les acteurs internationaux et leurs discours) .<\/span><\/span><\/p>\n<p dir=\"ltr\"><span style=\"font-family: Arial,Helvetica,sans-serif;\"><em>JM Leblanc<\/em> : Stage d&rsquo;initiation \u00e0 Lexico 3, Universit\u00e9 de Paris 7 Denis Diderot, 5 et 6 juin 2003. <\/span><\/p>\n<p>&nbsp;<\/p>\n<p>&nbsp;<\/p>\n","protected":false},"excerpt":{"rendered":"<p>Stages de formation 2012-2013 : UPEC &#8211; M1 LEA m\u00e9thodologie du management. D\u00e9pouillement d&rsquo;enqu\u00eates et de questionnaires au moyen du logiciel Alceste. Juillet 2012: Colloque de Cerisy Textes, documents, oeuvres (autour de Fran\u00e7ois Rastier) &#8211; Pr\u00e9sentation de Lexico 3 et TextObserver autour de \u00ab\u00a0Constantes et variations du rituel politique : l\u2019exemple des voeux pr\u00e9sidentiels\u00a0\u00bb. Juin &hellip; <\/p>\n<p class=\"link-more\"><a href=\"http:\/\/textopol.u-pec.fr\/index.php\/2012\/09\/18\/stages-de-formation\/\" class=\"more-link\">Continuer la lecture <span class=\"screen-reader-text\"> \u00ab\u00a0Stages de formation\u00a0\u00bb<\/span><\/a><\/p>\n","protected":false},"author":1,"featured_media":0,"comment_status":"closed","ping_status":"open","sticky":false,"template":"","format":"standard","meta":[],"categories":[43],"tags":[],"_links":{"self":[{"href":"http:\/\/textopol.u-pec.fr\/index.php\/wp-json\/wp\/v2\/posts\/566"}],"collection":[{"href":"http:\/\/textopol.u-pec.fr\/index.php\/wp-json\/wp\/v2\/posts"}],"about":[{"href":"http:\/\/textopol.u-pec.fr\/index.php\/wp-json\/wp\/v2\/types\/post"}],"author":[{"embeddable":true,"href":"http:\/\/textopol.u-pec.fr\/index.php\/wp-json\/wp\/v2\/users\/1"}],"replies":[{"embeddable":true,"href":"http:\/\/textopol.u-pec.fr\/index.php\/wp-json\/wp\/v2\/comments?post=566"}],"version-history":[{"count":7,"href":"http:\/\/textopol.u-pec.fr\/index.php\/wp-json\/wp\/v2\/posts\/566\/revisions"}],"predecessor-version":[{"id":862,"href":"http:\/\/textopol.u-pec.fr\/index.php\/wp-json\/wp\/v2\/posts\/566\/revisions\/862"}],"wp:attachment":[{"href":"http:\/\/textopol.u-pec.fr\/index.php\/wp-json\/wp\/v2\/media?parent=566"}],"wp:term":[{"taxonomy":"category","embeddable":true,"href":"http:\/\/textopol.u-pec.fr\/index.php\/wp-json\/wp\/v2\/categories?post=566"},{"taxonomy":"post_tag","embeddable":true,"href":"http:\/\/textopol.u-pec.fr\/index.php\/wp-json\/wp\/v2\/tags?post=566"}],"curies":[{"name":"wp","href":"https:\/\/api.w.org\/{rel}","templated":true}]}}